{"id":9967,"date":"2017-04-17T11:55:49","date_gmt":"2017-04-17T15:55:49","guid":{"rendered":"http:\/\/blogdalucianaoliveira.com.br\/blog\/?p=9967"},"modified":"2017-04-17T21:20:54","modified_gmt":"2017-04-18T01:20:54","slug":"a-vulgaridade-da-elite-brasileira","status":"publish","type":"post","link":"http:\/\/blogdalucianaoliveira.com.br\/blog\/2017\/04\/17\/a-vulgaridade-da-elite-brasileira\/","title":{"rendered":"A vulgaridade da elite brasileira"},"content":{"rendered":"<p><img data-recalc-dims=\"1\" loading=\"lazy\" decoding=\"async\" data-attachment-id=\"9968\" data-permalink=\"http:\/\/blogdalucianaoliveira.com.br\/blog\/2017\/04\/17\/a-vulgaridade-da-elite-brasileira\/emi\/\" data-orig-file=\"https:\/\/i0.wp.com\/blogdalucianaoliveira.com.br\/blog\/wp-content\/uploads\/2017\/04\/emi.jpg?fit=640%2C426\" data-orig-size=\"640,426\" data-comments-opened=\"0\" data-image-meta=\"{&quot;aperture&quot;:&quot;0&quot;,&quot;credit&quot;:&quot;&quot;,&quot;camera&quot;:&quot;&quot;,&quot;caption&quot;:&quot;&quot;,&quot;created_timestamp&quot;:&quot;0&quot;,&quot;copyright&quot;:&quot;&quot;,&quot;focal_length&quot;:&quot;0&quot;,&quot;iso&quot;:&quot;0&quot;,&quot;shutter_speed&quot;:&quot;0&quot;,&quot;title&quot;:&quot;&quot;,&quot;orientation&quot;:&quot;0&quot;}\" data-image-title=\"emi\" data-image-description=\"\" data-image-caption=\"\" data-medium-file=\"https:\/\/i0.wp.com\/blogdalucianaoliveira.com.br\/blog\/wp-content\/uploads\/2017\/04\/emi.jpg?fit=300%2C200\" data-large-file=\"https:\/\/i0.wp.com\/blogdalucianaoliveira.com.br\/blog\/wp-content\/uploads\/2017\/04\/emi.jpg?fit=600%2C399\" src=\"https:\/\/i0.wp.com\/blogdalucianaoliveira.com.br\/blog\/wp-content\/uploads\/2017\/04\/emi.jpg?resize=600%2C399\" alt=\"emi\" width=\"600\" height=\"399\" class=\"alignnone size-full wp-image-9968\" srcset=\"https:\/\/i0.wp.com\/blogdalucianaoliveira.com.br\/blog\/wp-content\/uploads\/2017\/04\/emi.jpg?w=640 640w, https:\/\/i0.wp.com\/blogdalucianaoliveira.com.br\/blog\/wp-content\/uploads\/2017\/04\/emi.jpg?resize=300%2C200 300w, https:\/\/i0.wp.com\/blogdalucianaoliveira.com.br\/blog\/wp-content\/uploads\/2017\/04\/emi.jpg?resize=451%2C300 451w\" sizes=\"auto, (max-width: 600px) 100vw, 600px\" \/><\/p>\n<p>O deboche do apatacado Em\u00edlio Odebrecht em depoimento no acordo de dela\u00e7\u00e3o premiada no esc\u00e2ndalo da Lava Jato, n\u00e3o s\u00f3 incomodou, mas surpreendeu muita gente. O homem que pertence ao seleto grupo de afortunados que vivem nababescamente e tomam os melhores vinhos, se comportou como um bronco, grosseiro e est\u00fapido. <!--more--><\/p>\n<p>O Em\u00edlio debochado e obtuso que o Brasil viu no notici\u00e1rio nacional da \u00faltima semana n\u00e3o pode ser o mesmo que foi citado pelo ex-presidente Fernando Henrique Cardoso (PSDB) em seu livro <em>Di\u00e1rios da Presid\u00eancia<\/em>. <\/p>\n<p>\u201cAlmocei aqui com Emilio Odebrecht e a Ruth [Cardoso]. Emilio veio trazer sugest\u00f5es, nada para ele, s\u00f3 a respeito de v\u00e1rios temas de interessa nacional. \u00c9 curioso. Tem um nome t\u00e3o ruim a Odebrecht, e o Emilio tem sido sempre correto, h\u00e1 tantos anos\u201d.<\/p>\n<p>Quer dizer que esse Em\u00edlio rude, sem linguagem e modos sofisticados, dava sugest\u00f5es a um homem t\u00e3o culto como FHC?<\/p>\n<p>Quem imagina a vida dos bilion\u00e1rios que j\u00e1 fizeram parte da lista dos mais ricos da Forbes, n\u00e3o espera um indiv\u00edduo t\u00e3o papalvo como pareceu Em\u00edlio ao prestar depoimento.<\/p>\n<p>O promotor que o interrogou, S\u00e9rgio Bruno, perdeu a paci\u00eancia com as risadinhas descabidas do doador de campanhas mais querido da elite.<\/p>\n<p> \u201cDeixa de historinha, est\u00e1 na hora de dizer como a coisa suja \u00e9 feita\u201d.<\/p>\n<p>Descarado, com inequ\u00edvoco desprezo \u00e0s conven\u00e7\u00f5es sociais e aos princ\u00edpios \u00e9ticos e morais que norteiam a administra\u00e7\u00e3o privada e p\u00fablica, Em\u00edlio chegou a dizer que n\u00e3o pagou os valores, mas autorizou a \u201cajuda\u201d a partidos e candidatos.<\/p>\n<p>O empres\u00e1rio que tinha sua imagem associada ao m\u00e9rito, \u00e0 compet\u00eancia empresarial, foi reduzido a mero lambaio da plutocracia, pois se submeteu e moldou aos interesses da elite bandida.<\/p>\n<p>Hoje \u00e9 um ladr\u00e3o como qualquer outro, mesmo tendo degustado vinhos que s\u00e3o verdadeiros tesouros engarrafados.<\/p>\n<p>Com a naturalidade de um est\u00fapido Em\u00edlio evidenciou que o esquema dos \u2018chiques\u2019 conserva na ess\u00eancia a vulgaridade.<\/p>\n<p>Cai como uma luva a compara\u00e7\u00e3o de Tolstoi sobre riqueza e estrume.<\/p>\n<p>\u201cQuando fica em uma pilha grande, provoca mau cheiro. Mas quando est\u00e1 distribu\u00eddo por todo o campo, torna o solo f\u00e9rtil.\u201d<\/p>\n<p>Em\u00edlio foi estrume espalhado no campo da pol\u00edtica.<\/p>\n","protected":false},"excerpt":{"rendered":"<p>O deboche do apatacado Em\u00edlio Odebrecht em depoimento no acordo de dela\u00e7\u00e3o premiada no esc\u00e2ndalo da Lava Jato, n\u00e3o s\u00f3 incomodou, mas surpreendeu muita gente. O homem que pertence ao seleto grupo de afortunados que vivem nababescamente e tomam os melhores vinhos, se comportou como um bronco, grosseiro e est\u00fapido.<\/p>\n","protected":false},"author":1,"featured_media":0,"comment_status":"closed","ping_status":"open","sticky":false,"template":"","format":"standard","meta":{"_exactmetrics_skip_tracking":false,"_exactmetrics_sitenote_active":false,"_exactmetrics_sitenote_note":"","_exactmetrics_sitenote_category":0,"jetpack_post_was_ever_published":false,"_jetpack_newsletter_access":"","_jetpack_dont_email_post_to_subs":false,"_jetpack_newsletter_tier_id":0,"_jetpack_memberships_contains_paywalled_content":false,"_jetpack_memberships_contains_paid_content":false,"footnotes":"","jetpack_publicize_message":"","jetpack_publicize_feature_enabled":true,"jetpack_social_post_already_shared":true,"jetpack_social_options":{"image_generator_settings":{"template":"highway","enabled":false},"version":2}},"categories":[1],"tags":[],"class_list":["post-9967","post","type-post","status-publish","format-standard","hentry","category-notas"],"jetpack_publicize_connections":[],"jetpack_sharing_enabled":true,"jetpack_featured_media_url":"","jetpack_shortlink":"https:\/\/wp.me\/p7wKYW-2AL","jetpack-related-posts":[],"_links":{"self":[{"href":"http:\/\/blogdalucianaoliveira.com.br\/blog\/wp-json\/wp\/v2\/posts\/9967","targetHints":{"allow":["GET"]}}],"collection":[{"href":"http:\/\/blogdalucianaoliveira.com.br\/blog\/wp-json\/wp\/v2\/posts"}],"about":[{"href":"http:\/\/blogdalucianaoliveira.com.br\/blog\/wp-json\/wp\/v2\/types\/post"}],"author":[{"embeddable":true,"href":"http:\/\/blogdalucianaoliveira.com.br\/blog\/wp-json\/wp\/v2\/users\/1"}],"replies":[{"embeddable":true,"href":"http:\/\/blogdalucianaoliveira.com.br\/blog\/wp-json\/wp\/v2\/comments?post=9967"}],"version-history":[{"count":6,"href":"http:\/\/blogdalucianaoliveira.com.br\/blog\/wp-json\/wp\/v2\/posts\/9967\/revisions"}],"predecessor-version":[{"id":9982,"href":"http:\/\/blogdalucianaoliveira.com.br\/blog\/wp-json\/wp\/v2\/posts\/9967\/revisions\/9982"}],"wp:attachment":[{"href":"http:\/\/blogdalucianaoliveira.com.br\/blog\/wp-json\/wp\/v2\/media?parent=9967"}],"wp:term":[{"taxonomy":"category","embeddable":true,"href":"http:\/\/blogdalucianaoliveira.com.br\/blog\/wp-json\/wp\/v2\/categories?post=9967"},{"taxonomy":"post_tag","embeddable":true,"href":"http:\/\/blogdalucianaoliveira.com.br\/blog\/wp-json\/wp\/v2\/tags?post=9967"}],"curies":[{"name":"wp","href":"https:\/\/api.w.org\/{rel}","templated":true}]}}