{"id":9983,"date":"2017-04-18T09:19:19","date_gmt":"2017-04-18T13:19:19","guid":{"rendered":"http:\/\/blogdalucianaoliveira.com.br\/blog\/?p=9983"},"modified":"2017-04-18T09:19:19","modified_gmt":"2017-04-18T13:19:19","slug":"pau-que-moro-da-em-lula-nao-da-como-em-lula-a-mais-ninguem","status":"publish","type":"post","link":"http:\/\/blogdalucianaoliveira.com.br\/blog\/2017\/04\/18\/pau-que-moro-da-em-lula-nao-da-como-em-lula-a-mais-ninguem\/","title":{"rendered":"Pau que Moro d\u00e1 em Lula, n\u00e3o d\u00e1 como em Lula a mais ningu\u00e9m"},"content":{"rendered":"<p><img data-recalc-dims=\"1\" loading=\"lazy\" decoding=\"async\" data-attachment-id=\"9984\" data-permalink=\"http:\/\/blogdalucianaoliveira.com.br\/blog\/2017\/04\/18\/pau-que-moro-da-em-lula-nao-da-como-em-lula-a-mais-ninguem\/moro-lula01\/\" data-orig-file=\"https:\/\/i0.wp.com\/blogdalucianaoliveira.com.br\/blog\/wp-content\/uploads\/2017\/04\/moro-lula01.jpg?fit=1200%2C675\" data-orig-size=\"1200,675\" data-comments-opened=\"0\" data-image-meta=\"{&quot;aperture&quot;:&quot;0&quot;,&quot;credit&quot;:&quot;&quot;,&quot;camera&quot;:&quot;&quot;,&quot;caption&quot;:&quot;&quot;,&quot;created_timestamp&quot;:&quot;0&quot;,&quot;copyright&quot;:&quot;&quot;,&quot;focal_length&quot;:&quot;0&quot;,&quot;iso&quot;:&quot;0&quot;,&quot;shutter_speed&quot;:&quot;0&quot;,&quot;title&quot;:&quot;&quot;,&quot;orientation&quot;:&quot;0&quot;}\" data-image-title=\"moro-lula01\" data-image-description=\"\" data-image-caption=\"\" data-medium-file=\"https:\/\/i0.wp.com\/blogdalucianaoliveira.com.br\/blog\/wp-content\/uploads\/2017\/04\/moro-lula01.jpg?fit=300%2C169\" data-large-file=\"https:\/\/i0.wp.com\/blogdalucianaoliveira.com.br\/blog\/wp-content\/uploads\/2017\/04\/moro-lula01.jpg?fit=600%2C338\" src=\"https:\/\/i0.wp.com\/blogdalucianaoliveira.com.br\/blog\/wp-content\/uploads\/2017\/04\/moro-lula01.jpg?resize=600%2C338\" alt=\"moro-lula01\" width=\"600\" height=\"338\" class=\"alignnone size-full wp-image-9984\" srcset=\"https:\/\/i0.wp.com\/blogdalucianaoliveira.com.br\/blog\/wp-content\/uploads\/2017\/04\/moro-lula01.jpg?w=1200 1200w, https:\/\/i0.wp.com\/blogdalucianaoliveira.com.br\/blog\/wp-content\/uploads\/2017\/04\/moro-lula01.jpg?resize=300%2C169 300w, https:\/\/i0.wp.com\/blogdalucianaoliveira.com.br\/blog\/wp-content\/uploads\/2017\/04\/moro-lula01.jpg?resize=768%2C432 768w, https:\/\/i0.wp.com\/blogdalucianaoliveira.com.br\/blog\/wp-content\/uploads\/2017\/04\/moro-lula01.jpg?resize=1024%2C576 1024w, https:\/\/i0.wp.com\/blogdalucianaoliveira.com.br\/blog\/wp-content\/uploads\/2017\/04\/moro-lula01.jpg?resize=533%2C300 533w\" sizes=\"auto, (max-width: 600px) 100vw, 600px\" \/><\/p>\n<p>Moro exige presen\u00e7a de Lula nas oitivas de 87 testemunhas que sua defesa indicou.<\/p>\n<p>&#8220;a fim prevenir a insist\u00eancia na oitiva de testemunhas irrelevantes, impertinentes ou que poderiam ser substitu\u00eddas, sem preju\u00edzo, por prova emprestadas\u201d, determinou Moro.<\/p>\n<p>O Estad\u00e3o destaca que &#8220;o magistrado autorizou a dispensa de todos os acusados nas audi\u00eancias de oitiva das testemunhas de acusa\u00e7\u00e3o e nas audi\u00eancias de oitiva das testemunhas arroladas pelas demais defesas.&#8221;<\/p>\n","protected":false},"excerpt":{"rendered":"<p>Moro exige presen\u00e7a de Lula nas oitivas de 87 testemunhas que sua defesa indicou. &#8220;a fim prevenir a insist\u00eancia na oitiva de testemunhas irrelevantes, impertinentes ou que poderiam ser substitu\u00eddas, sem preju\u00edzo, por prova emprestadas\u201d, determinou Moro. O Estad\u00e3o destaca que &#8220;o magistrado autorizou a dispensa de todos os acusados nas audi\u00eancias de oitiva das&#8230;<a class=\"more-link\" href=\"http:\/\/blogdalucianaoliveira.com.br\/blog\/2017\/04\/18\/pau-que-moro-da-em-lula-nao-da-como-em-lula-a-mais-ninguem\/\">Continue a leitura <span class=\"meta-nav\">&raquo;<\/span><\/a><\/p>\n","protected":false},"author":1,"featured_media":0,"comment_status":"closed","ping_status":"open","sticky":false,"template":"","format":"standard","meta":{"_exactmetrics_skip_tracking":false,"_exactmetrics_sitenote_active":false,"_exactmetrics_sitenote_note":"","_exactmetrics_sitenote_category":0,"jetpack_post_was_ever_published":false,"_jetpack_newsletter_access":"","_jetpack_dont_email_post_to_subs":false,"_jetpack_newsletter_tier_id":0,"_jetpack_memberships_contains_paywalled_content":false,"_jetpack_memberships_contains_paid_content":false,"footnotes":"","jetpack_publicize_message":"","jetpack_publicize_feature_enabled":true,"jetpack_social_post_already_shared":true,"jetpack_social_options":{"image_generator_settings":{"template":"highway","enabled":false},"version":2}},"categories":[1],"tags":[],"class_list":["post-9983","post","type-post","status-publish","format-standard","hentry","category-notas"],"jetpack_publicize_connections":[],"jetpack_sharing_enabled":true,"jetpack_featured_media_url":"","jetpack_shortlink":"https:\/\/wp.me\/p7wKYW-2B1","jetpack-related-posts":[],"_links":{"self":[{"href":"http:\/\/blogdalucianaoliveira.com.br\/blog\/wp-json\/wp\/v2\/posts\/9983","targetHints":{"allow":["GET"]}}],"collection":[{"href":"http:\/\/blogdalucianaoliveira.com.br\/blog\/wp-json\/wp\/v2\/posts"}],"about":[{"href":"http:\/\/blogdalucianaoliveira.com.br\/blog\/wp-json\/wp\/v2\/types\/post"}],"author":[{"embeddable":true,"href":"http:\/\/blogdalucianaoliveira.com.br\/blog\/wp-json\/wp\/v2\/users\/1"}],"replies":[{"embeddable":true,"href":"http:\/\/blogdalucianaoliveira.com.br\/blog\/wp-json\/wp\/v2\/comments?post=9983"}],"version-history":[{"count":1,"href":"http:\/\/blogdalucianaoliveira.com.br\/blog\/wp-json\/wp\/v2\/posts\/9983\/revisions"}],"predecessor-version":[{"id":9985,"href":"http:\/\/blogdalucianaoliveira.com.br\/blog\/wp-json\/wp\/v2\/posts\/9983\/revisions\/9985"}],"wp:attachment":[{"href":"http:\/\/blogdalucianaoliveira.com.br\/blog\/wp-json\/wp\/v2\/media?parent=9983"}],"wp:term":[{"taxonomy":"category","embeddable":true,"href":"http:\/\/blogdalucianaoliveira.com.br\/blog\/wp-json\/wp\/v2\/categories?post=9983"},{"taxonomy":"post_tag","embeddable":true,"href":"http:\/\/blogdalucianaoliveira.com.br\/blog\/wp-json\/wp\/v2\/tags?post=9983"}],"curies":[{"name":"wp","href":"https:\/\/api.w.org\/{rel}","templated":true}]}}