{"id":9989,"date":"2017-04-18T09:39:14","date_gmt":"2017-04-18T13:39:14","guid":{"rendered":"http:\/\/blogdalucianaoliveira.com.br\/blog\/?p=9989"},"modified":"2017-04-18T09:39:14","modified_gmt":"2017-04-18T13:39:14","slug":"delacao-sem-judiciario-e-globo-e-como-falar-da-igreja-sem-citar-o-papa","status":"publish","type":"post","link":"http:\/\/blogdalucianaoliveira.com.br\/blog\/2017\/04\/18\/delacao-sem-judiciario-e-globo-e-como-falar-da-igreja-sem-citar-o-papa\/","title":{"rendered":"Dela\u00e7\u00e3o sem Judici\u00e1rio e Globo \u00e9 como falar da Igreja sem citar o papa"},"content":{"rendered":"<p><img data-recalc-dims=\"1\" loading=\"lazy\" decoding=\"async\" data-attachment-id=\"9991\" data-permalink=\"http:\/\/blogdalucianaoliveira.com.br\/blog\/2017\/04\/18\/delacao-sem-judiciario-e-globo-e-como-falar-da-igreja-sem-citar-o-papa\/joao-roberto-marinho-e-eduardo-cunha-600x399\/\" data-orig-file=\"https:\/\/i0.wp.com\/blogdalucianaoliveira.com.br\/blog\/wp-content\/uploads\/2017\/04\/jo%C3%A3o-roberto-marinho-e-Eduardo-Cunha-600x399.jpg?fit=600%2C399\" data-orig-size=\"600,399\" data-comments-opened=\"0\" data-image-meta=\"{&quot;aperture&quot;:&quot;0&quot;,&quot;credit&quot;:&quot;&quot;,&quot;camera&quot;:&quot;&quot;,&quot;caption&quot;:&quot;&quot;,&quot;created_timestamp&quot;:&quot;0&quot;,&quot;copyright&quot;:&quot;&quot;,&quot;focal_length&quot;:&quot;0&quot;,&quot;iso&quot;:&quot;0&quot;,&quot;shutter_speed&quot;:&quot;0&quot;,&quot;title&quot;:&quot;&quot;,&quot;orientation&quot;:&quot;0&quot;}\" data-image-title=\"jo\u00e3o-roberto-marinho-e-Eduardo-Cunha-600&amp;#215;399\" data-image-description=\"\" data-image-caption=\"\" data-medium-file=\"https:\/\/i0.wp.com\/blogdalucianaoliveira.com.br\/blog\/wp-content\/uploads\/2017\/04\/jo%C3%A3o-roberto-marinho-e-Eduardo-Cunha-600x399.jpg?fit=300%2C200\" data-large-file=\"https:\/\/i0.wp.com\/blogdalucianaoliveira.com.br\/blog\/wp-content\/uploads\/2017\/04\/jo%C3%A3o-roberto-marinho-e-Eduardo-Cunha-600x399.jpg?fit=600%2C399\" src=\"https:\/\/i0.wp.com\/blogdalucianaoliveira.com.br\/blog\/wp-content\/uploads\/2017\/04\/jo%C3%A3o-roberto-marinho-e-Eduardo-Cunha-600x399.jpg?resize=600%2C399\" alt=\"jo\u00e3o-roberto-marinho-e-Eduardo-Cunha-600x399\" width=\"600\" height=\"399\" class=\"alignnone size-full wp-image-9991\" srcset=\"https:\/\/i0.wp.com\/blogdalucianaoliveira.com.br\/blog\/wp-content\/uploads\/2017\/04\/jo%C3%A3o-roberto-marinho-e-Eduardo-Cunha-600x399.jpg?resize=600%2C399 600w, https:\/\/i0.wp.com\/blogdalucianaoliveira.com.br\/blog\/wp-content\/uploads\/2017\/04\/jo%C3%A3o-roberto-marinho-e-Eduardo-Cunha-600x399.jpg?resize=300%2C200 300w, https:\/\/i0.wp.com\/blogdalucianaoliveira.com.br\/blog\/wp-content\/uploads\/2017\/04\/jo%C3%A3o-roberto-marinho-e-Eduardo-Cunha-600x399.jpg?resize=451%2C300 451w\" sizes=\"auto, (max-width: 600px) 100vw, 600px\" \/><\/p>\n<p>No DCM<br \/>\nPor Joaquim de Carvalho<!--more--><\/p>\n<p>A respeito das dela\u00e7\u00f5es da Odebrecht, que alguns muitos chamam de dela\u00e7\u00f5es do fim do mundo, tr\u00eas coisas precisam ser ditas:<\/p>\n<p>1) Se os n\u00fameros assustam, \u00e9 preciso saber que se trata de UM esquema dentre V\u00c1RIOS que existem \u2013 n\u00e3o se constr\u00f3i maioria em parlamento no Brasil, seja em Xiririca da Serra ou no Congresso em Bras\u00edlia, sem propina, e quem paga a propina s\u00e3o os fornecedores do Executivo.<\/p>\n<p>2) Faltam delatados na dela\u00e7\u00e3o do fim do mundo \u2013 Judici\u00e1rio e grandes ve\u00edculos de comunica\u00e7\u00e3o participaram deste banquete, mas agora que a conta est\u00e1 sendo paga, eles sa\u00edram de fininho.<\/p>\n<p>3) No que realmente importa, um Pa\u00eds livre da corrup\u00e7\u00e3o, n\u00e3o vai dar em nada. O que est\u00e1 havendo \u00e9 uma troca de elenco.<\/p>\n<p>Alguns s\u00e3o expulsos de campo e trocam-se os treinadores eos jogadores, tudo para que o jogo de cartas marcadas continue.<\/p>\n<p>Sobre os esquemas: na d\u00e9cada de 90, o mesmo S\u00e9rgio Moro, j\u00e1 juiz federal no Paran\u00e1, colocou a m\u00e3o em algo gigantesco. As contas CC5 do Banestado.<\/p>\n<p>Era a forma como pol\u00edticos e empres\u00e1rios enviaram dinheiro da corrup\u00e7\u00e3o e da sonega\u00e7\u00e3o para fora do Pa\u00eds.<\/p>\n<p>Em 2003, houve uma CPI Mista no Congresso Nacional, que n\u00e3o deu em nada.<\/p>\n<p>A exemplo do que se v\u00ea hoje, dezenas de inqu\u00e9ritos foram abertos em consequ\u00eancia das investiga\u00e7\u00f5es, mas, muito provavelmente como acontecer\u00e1 com os casos atualmente em apura\u00e7\u00e3o, n\u00e3o deu em nada.<\/p>\n<p>Descobriu-se que o equivalente a 19 bilh\u00f5es de d\u00f3lares sem origem declarada foi enviado para o exterior e s\u00f3 17 milh\u00f5es de d\u00f3lares repatriados.<\/p>\n<p>Ningu\u00e9m foi efetivamente punido.<\/p>\n<p>Havia indica\u00e7\u00f5es de pol\u00edticos do PSDB por tr\u00e1s de algumas contas.<\/p>\n<p>Jos\u00e9 Serra, por exemplo, \u00e9 citado numa per\u00edcia da PF como um dos respons\u00e1veis por uma conta chamada Tucano \u2013 isso mesmo, Tucano \u2014 , que recebeu quase 177 milh\u00f5es de d\u00f3lares entre 1996 e 2000.<\/p>\n<p>Nos bastidores da CPI, que tinha um tucano como presidente e um petista como relator, era do conhecimento de todos de que na selva do Banestado tinha uma floresta de tucanos e de pol\u00edticos ligados ao PFL (depois DEM) e uma meia d\u00fazia de \u00e1rvores petistas.<\/p>\n<p>Houve um grande acordo e a CPI terminou sem relat\u00f3rio.<\/p>\n<p>A m\u00eddia praticamente ignorou o caso. Nas contas do Banestado, tamb\u00e9m foi descoberto dinheiro da Rede Globo.<\/p>\n<p>Em 2009, a Pol\u00edcia Federal colocou a m\u00e3o no caixa 2 da construtora Camargo Corr\u00eaa e descobriu que essa contabilidade n\u00e3o oficial irrigava as contas de pol\u00edticos ligados ao PSDB.<\/p>\n<p>Descobriu-se at\u00e9 uma anota\u00e7\u00e3o que constrange o jornalista Reinaldo Azevedo. Sem nome antecede uma flechinha apontando para Andrea Matarazzo e a cifra 50 mil.<\/p>\n<p>Em 2011, o ent\u00e3o presidente do STJ, C\u00e9sar Asfor Rocha, concedeu liminar que anulou toda a investiga\u00e7\u00e3o, liminar que foi depois confirmada unanimemente pelo plen\u00e1rio da corte, a partir do voto da relatora Maria Tereza de Assis Moura.<\/p>\n<p>O argumento central aceito pelo STJ \u00e9 que a investiga\u00e7\u00e3o tinha origem em uma den\u00fancia an\u00f4nima.<\/p>\n<p>C\u00e9sar Asfor Rocha \u00e9 o ministro cujo filho advogou para o empres\u00e1rio Carlos Alberto Fernandes Filgueiras, o dono do hotel Emiliano, que morreu no acidente de avi\u00e3o com o ministro Teori Zavascki.<\/p>\n<p>O filho de Asfor Rocha conseguiu no STJ numa vit\u00f3ria que o advogado Carlos Miguel Aidar, que j\u00e1 presidiu a OAB no Estado de S\u00e3o Paulo, considerava imposs\u00edvel.<\/p>\n<p>O filho de Asfor Rocha anulou a penhora do hotel Emiliano, obtida por uma fam\u00edlia que negociou com Filgueiras uma \u00e1rea nobre em S\u00e3o Paulo para a constru\u00e7\u00e3o de apartamentos, e n\u00e3o recebeu um centavo por isso.<\/p>\n<p>O relator do processo era um ministro do mesmo Estado de Asfor Rocha, Cear\u00e1, com nomea\u00e7\u00e3o que era tida, no meio jur\u00eddico, como apadrinhada por ele, de resto um frequente h\u00f3spede do Hotel Emiliano e comensal de Filgueiras em jantares no restaurante do chef Alex Atala.<\/p>\n<p>Maria Tereza \u00e9 a ministra que, recentemente, concedeu pris\u00e3o domiciliar para a advogada Adriana Ancelmo, mulher de S\u00e9rgio Cabral, sob o argumento de que ela precisava cuidar dos filhos.<\/p>\n<p>H\u00e1 diferentes maneiras de verificar que o buraco da corrup\u00e7\u00e3o no Brasil \u00e9 muito mais embaixo.<\/p>\n<p>A perversa concentra\u00e7\u00e3o de renda no Pa\u00eds \u00e9 uma delas.<\/p>\n<p>Mas se pode tamb\u00e9m verifica-la a partir de estudos de caso. E, nesse sentido, a Globo \u00e9 um paradigma.<\/p>\n<p>A empresa sai maior de cada crise pol\u00edtica.<\/p>\n<p>Come\u00e7ou com dinheiro estrangeiro, na d\u00e9cada de 60, contrariando a Constitui\u00e7\u00e3o da \u00e9poca.<\/p>\n<p>Foi incriminada por uma CPI, mas se livrou de penalidade \u00e0s v\u00e9speras do AI 5, quando obteve licen\u00e7a definitiva para funcionar.<\/p>\n<p>No movimento das diretas, a Globo demorou para desembarcar do tanque dos militares, mas, quando foi para a cal\u00e7ada, indicou o ministro das Comunica\u00e7\u00f5es do governo de Tancredo Neves, Ant\u00f4nio Carlos Magalh\u00e3es.<\/p>\n<p>Esse epis\u00f3dio est\u00e1 contado no livro \u201cA Hist\u00f3ria Secreta da Rede Globo\u201d, de Daniel Herz.<\/p>\n<p>Em outra obra pouco divulgada no Brasil, o document\u00e1rio \u201cMuito Al\u00e9m do Cidad\u00e3o Kane\u201d, o jornalista brit\u00e2nico Simon Hartog narra que ACM, como ministro, asfixiou o antigo propriet\u00e1rio da ind\u00fastria de equipamentos de telecomunica\u00e7\u00f5es NEC e criou as oportunidades para a compra da empresa, a pre\u00e7o vil, por Roberto Marinho.<\/p>\n<p>A fam\u00edlia de ACM se tornou, na mesma \u00e9poca, fraqueada da Rede Globo na Bahia.<\/p>\n<p>Na era Collor, a emissora promoveu o ca\u00e7ador de maraj\u00e1s, estrela de um Globo Rep\u00f3rter, e depois, tamb\u00e9m com atraso, desembarcou do Morcego Negro \u2013 como era chamado o avi\u00e3o de Collor\/PC.<\/p>\n<p>Nos dois anos e tr\u00eas meses de governo Itamar Franco, tocou a vida, at\u00e9 encontrar em Fernando Henrique Cardoso o seu grande amigo.<\/p>\n<p><img data-recalc-dims=\"1\" loading=\"lazy\" decoding=\"async\" data-attachment-id=\"9990\" data-permalink=\"http:\/\/blogdalucianaoliveira.com.br\/blog\/2017\/04\/18\/delacao-sem-judiciario-e-globo-e-como-falar-da-igreja-sem-citar-o-papa\/compa\/\" data-orig-file=\"https:\/\/i0.wp.com\/blogdalucianaoliveira.com.br\/blog\/wp-content\/uploads\/2017\/04\/compa.jpg?fit=600%2C332\" data-orig-size=\"600,332\" data-comments-opened=\"0\" data-image-meta=\"{&quot;aperture&quot;:&quot;0&quot;,&quot;credit&quot;:&quot;&quot;,&quot;camera&quot;:&quot;&quot;,&quot;caption&quot;:&quot;&quot;,&quot;created_timestamp&quot;:&quot;0&quot;,&quot;copyright&quot;:&quot;&quot;,&quot;focal_length&quot;:&quot;0&quot;,&quot;iso&quot;:&quot;0&quot;,&quot;shutter_speed&quot;:&quot;0&quot;,&quot;title&quot;:&quot;&quot;,&quot;orientation&quot;:&quot;0&quot;}\" data-image-title=\"compa\" data-image-description=\"\" data-image-caption=\"\" data-medium-file=\"https:\/\/i0.wp.com\/blogdalucianaoliveira.com.br\/blog\/wp-content\/uploads\/2017\/04\/compa.jpg?fit=300%2C166\" data-large-file=\"https:\/\/i0.wp.com\/blogdalucianaoliveira.com.br\/blog\/wp-content\/uploads\/2017\/04\/compa.jpg?fit=600%2C332\" src=\"https:\/\/i0.wp.com\/blogdalucianaoliveira.com.br\/blog\/wp-content\/uploads\/2017\/04\/compa.jpg?resize=600%2C332\" alt=\"compa\" width=\"600\" height=\"332\" class=\"alignnone size-full wp-image-9990\" srcset=\"https:\/\/i0.wp.com\/blogdalucianaoliveira.com.br\/blog\/wp-content\/uploads\/2017\/04\/compa.jpg?w=600 600w, https:\/\/i0.wp.com\/blogdalucianaoliveira.com.br\/blog\/wp-content\/uploads\/2017\/04\/compa.jpg?resize=300%2C166 300w, https:\/\/i0.wp.com\/blogdalucianaoliveira.com.br\/blog\/wp-content\/uploads\/2017\/04\/compa.jpg?resize=542%2C300 542w\" sizes=\"auto, (max-width: 600px) 100vw, 600px\" \/><\/p>\n<p>Eram t\u00e3o amigos que, em maio de 1997, Roberto Irineu Marinho, recebido num almo\u00e7o no Pal\u00e1cio do Alvorada, se sentiu \u00e0 vontade para aconselhar Fernando Henrique Cardoso a ter mais \u201cautoridade\u201d.<\/p>\n<p>O pr\u00f3prio Fernando Henrique conta, em suas mem\u00f3rias, o que entendeu pelo conselho do dono da Globo.<\/p>\n<p>\u201cEntenda-se por isso maior repress\u00e3o, sobretudo no que se refere ao MST\u201d, escreveu ele em Di\u00e1rios da Presid\u00eancia.<\/p>\n<p>No almo\u00e7o, Roberto Irineu Marinho deixou de presente para Fernando Henrique um livro que relatava como o presidente peruano, Alberto Fujimori, muito popular em seu pa\u00eds na \u00e9poca, havia endurecido.<\/p>\n<p>Fujimori havia dissolvido o Congresso e fechado o Poder Judici\u00e1rio e o Minist\u00e9rio P\u00fablico, com a colabora\u00e7\u00e3o das For\u00e7as Armadas.<\/p>\n<p>A fam\u00edlia Marinho conseguiu no governo Collor um empr\u00e9stimo ajuros camaradas da Caixa Econ\u00f4mica Federal, para fazer o Projac, e nadou de bra\u00e7ada nos anos de Fernando Henrique, com financiamentos do BNDES e participa\u00e7\u00e3o direta e indireta nos leil\u00f5es de concess\u00e3o e privatiza\u00e7\u00e3o.<\/p>\n<p>No governo do PT, pelo menos em seus primeiros anos, teve vida f\u00e1cil, e Antonio Palocci , ministro da Fazenda, prestaria um grande servi\u00e7o ao Pa\u00eds se levasse adiante o que teria insinuado num conversa com procuradores em Curitiba.<\/p>\n<p>Dois procuradores, numa sondagem para saber quem Palocci poderia implicar num eventual acordo de dela\u00e7\u00e3o premiada, ouviram: \u201cRoberto Irineu Marinho\u201d.<\/p>\n<p>Os jornalistas que cobrem a Lava Jato sabem dessa hist\u00f3ria e enviei uma pergunta ao advogado de Palocci, Roberto Batochio, para saber se era verdade.<\/p>\n<p>Como resposta, obtive o sil\u00eancio.<\/p>\n<p>Nos anos de Palocci no Minist\u00e9rio da Fazenda, a Receita Federal descobriu um caso de sonega\u00e7\u00e3o da Rede Globo, ocorrido na aquisi\u00e7\u00e3o dos direitos de transmiss\u00e3o da Copa do Mundo em 2002.<\/p>\n<p>A d\u00edvida s\u00f3 aumentou at\u00e9 2009, quando uma Medida Provis\u00f3ria foi aprovada pelo Congresso Nacional, que concedeu desconto na multa e na corre\u00e7\u00e3o monet\u00e1ria e permitiu o parcelamento da d\u00edvida.<\/p>\n<p>N\u00e3o s\u00f3 da Globo, mas de todas os devedores, inclusive da Odebrecht, que agora confessa ter pago propina pelo benef\u00edcio.<\/p>\n<p>A a\u00e7\u00e3o penal contra os tr\u00eas filhos de Roberto Marinho \u2013 Roberto Irineu, Jo\u00e3o Roberto e Jos\u00e9 Roberto \u2014 , denunciados pela Receita Federal pelo crime contra a ordem tribut\u00e1ria, n\u00e3o ocorreu, porque os autos que descrevem o delito desapareceram da Receita Federal.<\/p>\n<p>Eu os encontrei numa casa do sub\u00farbio do Rio de Janeiro, depois que passou pelas m\u00e3os de uma quadrilha que tinha o envolvimento de uma funcion\u00e1ria da Receita.<\/p>\n<p>Sem confronta\u00e7\u00e3o, a Globo segue com a hegemonia da narra\u00e7\u00e3o da \u201cdela\u00e7\u00e3o do fim do mundo\u201d e pode contar a hist\u00f3ria como quiser.<\/p>\n<p>No Fant\u00e1stico deste domingo, por exemplo, a emissora colocou no ar o trecho em que Em\u00edlio Odebrecht fala que o pagamento de propina \u00e9 uma sistema de mais de trinta anos.<\/p>\n<p>Na sequ\u00eancia, Em\u00edlio disse que a imprensa tinha pleno conhecimento. Chamou de demagogia a den\u00fancia feita agora pela imprensa. Esta parte, a Globo cortou.<\/p>\n<p>Em\u00edlio Odebrecht disse demagogia, mas talvez outra palavra se encaixe melhor: hipocrisia.<\/p>\n<p>No purgat\u00f3rio que vive, a corrupta Odebrecht \u00e9 bode expiat\u00f3rio.<\/p>\n<p>A empresa ficou na mesa e agora paga sozinha a conta da corrup\u00e7\u00e3o.<\/p>\n<p>Os outros comensais sa\u00edram do restaurante e hoje contam para o p\u00fablico o que se passou, mas, claro, omitem o fato de que estavam l\u00e1.<\/p>\n","protected":false},"excerpt":{"rendered":"<p>No DCM Por Joaquim de Carvalho<\/p>\n","protected":false},"author":1,"featured_media":0,"comment_status":"closed","ping_status":"open","sticky":false,"template":"","format":"standard","meta":{"_exactmetrics_skip_tracking":false,"_exactmetrics_sitenote_active":false,"_exactmetrics_sitenote_note":"","_exactmetrics_sitenote_category":0,"jetpack_post_was_ever_published":false,"_jetpack_newsletter_access":"","_jetpack_dont_email_post_to_subs":false,"_jetpack_newsletter_tier_id":0,"_jetpack_memberships_contains_paywalled_content":false,"_jetpack_memberships_contains_paid_content":false,"footnotes":"","jetpack_publicize_message":"","jetpack_publicize_feature_enabled":true,"jetpack_social_post_already_shared":true,"jetpack_social_options":{"image_generator_settings":{"template":"highway","enabled":false},"version":2}},"categories":[1],"tags":[],"class_list":["post-9989","post","type-post","status-publish","format-standard","hentry","category-notas"],"jetpack_publicize_connections":[],"jetpack_sharing_enabled":true,"jetpack_featured_media_url":"","jetpack_shortlink":"https:\/\/wp.me\/p7wKYW-2B7","jetpack-related-posts":[],"_links":{"self":[{"href":"http:\/\/blogdalucianaoliveira.com.br\/blog\/wp-json\/wp\/v2\/posts\/9989","targetHints":{"allow":["GET"]}}],"collection":[{"href":"http:\/\/blogdalucianaoliveira.com.br\/blog\/wp-json\/wp\/v2\/posts"}],"about":[{"href":"http:\/\/blogdalucianaoliveira.com.br\/blog\/wp-json\/wp\/v2\/types\/post"}],"author":[{"embeddable":true,"href":"http:\/\/blogdalucianaoliveira.com.br\/blog\/wp-json\/wp\/v2\/users\/1"}],"replies":[{"embeddable":true,"href":"http:\/\/blogdalucianaoliveira.com.br\/blog\/wp-json\/wp\/v2\/comments?post=9989"}],"version-history":[{"count":1,"href":"http:\/\/blogdalucianaoliveira.com.br\/blog\/wp-json\/wp\/v2\/posts\/9989\/revisions"}],"predecessor-version":[{"id":9992,"href":"http:\/\/blogdalucianaoliveira.com.br\/blog\/wp-json\/wp\/v2\/posts\/9989\/revisions\/9992"}],"wp:attachment":[{"href":"http:\/\/blogdalucianaoliveira.com.br\/blog\/wp-json\/wp\/v2\/media?parent=9989"}],"wp:term":[{"taxonomy":"category","embeddable":true,"href":"http:\/\/blogdalucianaoliveira.com.br\/blog\/wp-json\/wp\/v2\/categories?post=9989"},{"taxonomy":"post_tag","embeddable":true,"href":"http:\/\/blogdalucianaoliveira.com.br\/blog\/wp-json\/wp\/v2\/tags?post=9989"}],"curies":[{"name":"wp","href":"https:\/\/api.w.org\/{rel}","templated":true}]}}