{"id":9993,"date":"2017-04-18T09:44:15","date_gmt":"2017-04-18T13:44:15","guid":{"rendered":"http:\/\/blogdalucianaoliveira.com.br\/blog\/?p=9993"},"modified":"2017-04-18T09:44:15","modified_gmt":"2017-04-18T13:44:15","slug":"tjrj-declara-inconstitucional-lei-que-proibe-ideologia-de-genero-em-escolas-de-volta-redonda","status":"publish","type":"post","link":"http:\/\/blogdalucianaoliveira.com.br\/blog\/2017\/04\/18\/tjrj-declara-inconstitucional-lei-que-proibe-ideologia-de-genero-em-escolas-de-volta-redonda\/","title":{"rendered":"TJRJ declara inconstitucional lei que pro\u00edbe \u2018ideologia de g\u00eanero\u2019 em escolas de Volta Redonda"},"content":{"rendered":"<p><img data-recalc-dims=\"1\" loading=\"lazy\" decoding=\"async\" data-attachment-id=\"9994\" data-permalink=\"http:\/\/blogdalucianaoliveira.com.br\/blog\/2017\/04\/18\/tjrj-declara-inconstitucional-lei-que-proibe-ideologia-de-genero-em-escolas-de-volta-redonda\/gen\/\" data-orig-file=\"https:\/\/i0.wp.com\/blogdalucianaoliveira.com.br\/blog\/wp-content\/uploads\/2017\/04\/gen.jpg?fit=1024%2C578\" data-orig-size=\"1024,578\" data-comments-opened=\"0\" data-image-meta=\"{&quot;aperture&quot;:&quot;0&quot;,&quot;credit&quot;:&quot;&quot;,&quot;camera&quot;:&quot;&quot;,&quot;caption&quot;:&quot;&quot;,&quot;created_timestamp&quot;:&quot;0&quot;,&quot;copyright&quot;:&quot;&quot;,&quot;focal_length&quot;:&quot;0&quot;,&quot;iso&quot;:&quot;0&quot;,&quot;shutter_speed&quot;:&quot;0&quot;,&quot;title&quot;:&quot;&quot;,&quot;orientation&quot;:&quot;0&quot;}\" data-image-title=\"gen\" data-image-description=\"\" data-image-caption=\"\" data-medium-file=\"https:\/\/i0.wp.com\/blogdalucianaoliveira.com.br\/blog\/wp-content\/uploads\/2017\/04\/gen.jpg?fit=300%2C169\" data-large-file=\"https:\/\/i0.wp.com\/blogdalucianaoliveira.com.br\/blog\/wp-content\/uploads\/2017\/04\/gen.jpg?fit=600%2C339\" src=\"https:\/\/i0.wp.com\/blogdalucianaoliveira.com.br\/blog\/wp-content\/uploads\/2017\/04\/gen.jpg?resize=600%2C339\" alt=\"gen\" width=\"600\" height=\"339\" class=\"alignnone size-full wp-image-9994\" srcset=\"https:\/\/i0.wp.com\/blogdalucianaoliveira.com.br\/blog\/wp-content\/uploads\/2017\/04\/gen.jpg?w=1024 1024w, https:\/\/i0.wp.com\/blogdalucianaoliveira.com.br\/blog\/wp-content\/uploads\/2017\/04\/gen.jpg?resize=300%2C169 300w, https:\/\/i0.wp.com\/blogdalucianaoliveira.com.br\/blog\/wp-content\/uploads\/2017\/04\/gen.jpg?resize=768%2C434 768w, https:\/\/i0.wp.com\/blogdalucianaoliveira.com.br\/blog\/wp-content\/uploads\/2017\/04\/gen.jpg?resize=531%2C300 531w\" sizes=\"auto, (max-width: 600px) 100vw, 600px\" \/><\/p>\n<p>Para o desembargador, a proibi\u00e7\u00e3o da ideologia de g\u00eanero nas escolas representa censura e ofensa \u00e0 liberdade de aprender, ensinar, pesquisar e divulgar o saber. <!--more--><\/p>\n<p>No Estado do RJ<\/p>\n<p>O \u00d3rg\u00e3o Especial do Tribunal de Justi\u00e7a do Rio de Janeiro (TJRJ) julgou inconstitucional a Lei Municipal 5.165\/2015, que veda a implanta\u00e7\u00e3o da pol\u00edtica de ideologia de g\u00eanero nos estabelecimentos de ensino do munic\u00edpio de Volta Redonda, no Sul Fluminense. Por maioria, os desembargadores acompanharam o voto do relator, desembargador Jos\u00e9 Carlos Maldonado de Carvalho. A sess\u00e3o do \u00d3rg\u00e3o Especial foi realizada na tarde desta segunda-feira, 17.<\/p>\n<p>\u201cO g\u00eanero \u00e9 o conjunto de propriedades atribu\u00eddas social e culturalmente em rela\u00e7\u00e3o ao sexo dos indiv\u00edduos. O conceito g\u00eanero s\u00f3 surgiu porque se tornou necess\u00e1rio mostrar que muitas desigualdades \u00e0s quais as mulheres eram e s\u00e3o submetidas na vida social s\u00e3o decorrentes da cren\u00e7a de que nossa biologia nos faz pessoas inferiores, incapazes e merecedoras de mais ou menos direitos\u201d, explicou o magistrado em seu voto.<\/p>\n<p>Para o desembargador, a proibi\u00e7\u00e3o da ideologia de g\u00eanero nas escolas representa censura e ofensa \u00e0 liberdade de aprender, ensinar, pesquisar e divulgar o saber, sendo inadmiss\u00edvel no Estado democr\u00e1tico de Direito. \u201cA C\u00e2mara Municipal de Volta Redonda, ao editar a referida norma jur\u00eddica, vedando a implanta\u00e7\u00e3o da pol\u00edtica de ideologia de g\u00eanero nos estabelecimentos de ensino do Munic\u00edpio de Volta Redonda, violou, de uma s\u00f3 tacada, o princ\u00edpio constitucional da igualdade no aspecto estrutural (direito a n\u00e3o discrimina\u00e7\u00e3o), o direito fundamental \u00e0 diferen\u00e7a, o modelo republicano do Estado brasileiro, baseado no pluralismo pol\u00edtico, e o princ\u00edpio da laicidade estatal\u201d.<\/p>\n<p>Da PJERJ<\/p>\n","protected":false},"excerpt":{"rendered":"<p>Para o desembargador, a proibi\u00e7\u00e3o da ideologia de g\u00eanero nas escolas representa censura e ofensa \u00e0 liberdade de aprender, ensinar, pesquisar e divulgar o saber.<\/p>\n","protected":false},"author":1,"featured_media":0,"comment_status":"closed","ping_status":"open","sticky":false,"template":"","format":"standard","meta":{"_exactmetrics_skip_tracking":false,"_exactmetrics_sitenote_active":false,"_exactmetrics_sitenote_note":"","_exactmetrics_sitenote_category":0,"jetpack_post_was_ever_published":false,"_jetpack_newsletter_access":"","_jetpack_dont_email_post_to_subs":false,"_jetpack_newsletter_tier_id":0,"_jetpack_memberships_contains_paywalled_content":false,"_jetpack_memberships_contains_paid_content":false,"footnotes":"","jetpack_publicize_message":"","jetpack_publicize_feature_enabled":true,"jetpack_social_post_already_shared":true,"jetpack_social_options":{"image_generator_settings":{"template":"highway","enabled":false},"version":2}},"categories":[1],"tags":[],"class_list":["post-9993","post","type-post","status-publish","format-standard","hentry","category-notas"],"jetpack_publicize_connections":[],"jetpack_sharing_enabled":true,"jetpack_featured_media_url":"","jetpack_shortlink":"https:\/\/wp.me\/p7wKYW-2Bb","jetpack-related-posts":[],"_links":{"self":[{"href":"http:\/\/blogdalucianaoliveira.com.br\/blog\/wp-json\/wp\/v2\/posts\/9993","targetHints":{"allow":["GET"]}}],"collection":[{"href":"http:\/\/blogdalucianaoliveira.com.br\/blog\/wp-json\/wp\/v2\/posts"}],"about":[{"href":"http:\/\/blogdalucianaoliveira.com.br\/blog\/wp-json\/wp\/v2\/types\/post"}],"author":[{"embeddable":true,"href":"http:\/\/blogdalucianaoliveira.com.br\/blog\/wp-json\/wp\/v2\/users\/1"}],"replies":[{"embeddable":true,"href":"http:\/\/blogdalucianaoliveira.com.br\/blog\/wp-json\/wp\/v2\/comments?post=9993"}],"version-history":[{"count":1,"href":"http:\/\/blogdalucianaoliveira.com.br\/blog\/wp-json\/wp\/v2\/posts\/9993\/revisions"}],"predecessor-version":[{"id":9995,"href":"http:\/\/blogdalucianaoliveira.com.br\/blog\/wp-json\/wp\/v2\/posts\/9993\/revisions\/9995"}],"wp:attachment":[{"href":"http:\/\/blogdalucianaoliveira.com.br\/blog\/wp-json\/wp\/v2\/media?parent=9993"}],"wp:term":[{"taxonomy":"category","embeddable":true,"href":"http:\/\/blogdalucianaoliveira.com.br\/blog\/wp-json\/wp\/v2\/categories?post=9993"},{"taxonomy":"post_tag","embeddable":true,"href":"http:\/\/blogdalucianaoliveira.com.br\/blog\/wp-json\/wp\/v2\/tags?post=9993"}],"curies":[{"name":"wp","href":"https:\/\/api.w.org\/{rel}","templated":true}]}}