{"id":9996,"date":"2017-04-18T10:06:09","date_gmt":"2017-04-18T14:06:09","guid":{"rendered":"http:\/\/blogdalucianaoliveira.com.br\/blog\/?p=9996"},"modified":"2017-04-18T10:06:09","modified_gmt":"2017-04-18T14:06:09","slug":"nao-subestime-os-pequenos-jornal-familiar-de-3-mil-exemplares-ganha-o-pulitzer-por-seus-editoriais","status":"publish","type":"post","link":"http:\/\/blogdalucianaoliveira.com.br\/blog\/2017\/04\/18\/nao-subestime-os-pequenos-jornal-familiar-de-3-mil-exemplares-ganha-o-pulitzer-por-seus-editoriais\/","title":{"rendered":"N\u00e3o subestime os pequenos. Jornal familiar de 3 mil exemplares ganha o Pulitzer por seus editoriais"},"content":{"rendered":"<p><img data-recalc-dims=\"1\" loading=\"lazy\" decoding=\"async\" data-attachment-id=\"9997\" data-permalink=\"http:\/\/blogdalucianaoliveira.com.br\/blog\/2017\/04\/18\/nao-subestime-os-pequenos-jornal-familiar-de-3-mil-exemplares-ganha-o-pulitzer-por-seus-editoriais\/jor\/\" data-orig-file=\"https:\/\/i0.wp.com\/blogdalucianaoliveira.com.br\/blog\/wp-content\/uploads\/2017\/04\/jor.jpg?fit=1960%2C1083\" data-orig-size=\"1960,1083\" data-comments-opened=\"0\" data-image-meta=\"{&quot;aperture&quot;:&quot;0&quot;,&quot;credit&quot;:&quot;&quot;,&quot;camera&quot;:&quot;&quot;,&quot;caption&quot;:&quot;&quot;,&quot;created_timestamp&quot;:&quot;0&quot;,&quot;copyright&quot;:&quot;&quot;,&quot;focal_length&quot;:&quot;0&quot;,&quot;iso&quot;:&quot;0&quot;,&quot;shutter_speed&quot;:&quot;0&quot;,&quot;title&quot;:&quot;&quot;,&quot;orientation&quot;:&quot;0&quot;}\" data-image-title=\"jor\" data-image-description=\"\" data-image-caption=\"\" data-medium-file=\"https:\/\/i0.wp.com\/blogdalucianaoliveira.com.br\/blog\/wp-content\/uploads\/2017\/04\/jor.jpg?fit=300%2C166\" data-large-file=\"https:\/\/i0.wp.com\/blogdalucianaoliveira.com.br\/blog\/wp-content\/uploads\/2017\/04\/jor.jpg?fit=600%2C332\" src=\"https:\/\/i0.wp.com\/blogdalucianaoliveira.com.br\/blog\/wp-content\/uploads\/2017\/04\/jor.jpg?resize=600%2C332\" alt=\"jor\" width=\"600\" height=\"332\" class=\"alignnone size-full wp-image-9997\" srcset=\"https:\/\/i0.wp.com\/blogdalucianaoliveira.com.br\/blog\/wp-content\/uploads\/2017\/04\/jor.jpg?w=1960 1960w, https:\/\/i0.wp.com\/blogdalucianaoliveira.com.br\/blog\/wp-content\/uploads\/2017\/04\/jor.jpg?resize=300%2C166 300w, https:\/\/i0.wp.com\/blogdalucianaoliveira.com.br\/blog\/wp-content\/uploads\/2017\/04\/jor.jpg?resize=768%2C424 768w, https:\/\/i0.wp.com\/blogdalucianaoliveira.com.br\/blog\/wp-content\/uploads\/2017\/04\/jor.jpg?resize=1024%2C566 1024w, https:\/\/i0.wp.com\/blogdalucianaoliveira.com.br\/blog\/wp-content\/uploads\/2017\/04\/jor.jpg?resize=543%2C300 543w, https:\/\/i0.wp.com\/blogdalucianaoliveira.com.br\/blog\/wp-content\/uploads\/2017\/04\/jor.jpg?w=1200 1200w, https:\/\/i0.wp.com\/blogdalucianaoliveira.com.br\/blog\/wp-content\/uploads\/2017\/04\/jor.jpg?w=1800 1800w\" sizes=\"auto, (max-width: 600px) 100vw, 600px\" \/><\/p>\n<p>Um peri\u00f3dico familiar do Estado de Iowa derrota &#8216;The Washington Post&#8217; gra\u00e7as a uma s\u00e9rie que denunciou uma campanha contra a prote\u00e7\u00e3o do meio ambiente<!--more--><\/p>\n<p>Art Cullen pensou que as reportagens de seu jornal n\u00e3o poderiam competir com as chamadas de outros mais poderosos, por isso decidiu que sua melhor oportunidade para ganhar um Pulitzer estaria em seus editoriais. E ganhou. Aos 59 anos, este jornalista de uma pequena cidade do Estado de Iowa \u00e9 o respons\u00e1vel por The Storm Lake, um jornal de apenas 3.000 exemplares, ter derrotado The Washington Post.<\/p>\n<p>Cullen diz que na segunda-feira passada acompanhou pela Internet a cerim\u00f4nia de an\u00fancio dos pr\u00eamios e ao escutar seu nome n\u00e3o p\u00f4de deixar de gritar. \u201cFiquei euf\u00f3rico\u201d, afirma por telefone. \u201cMe surpreendeu, fui rapidamente abra\u00e7ar meu irm\u00e3o e meu filho. Foi um momento muito especial para um jornal familiar como o nosso.\u201d<\/p>\n<p>The Storm Lake \u00e9 um dos milhares de jornais locais dos Estados Unidos que seguem em frente com a paix\u00e3o e o impulso de pequenas fam\u00edlias com os Cullens. O irm\u00e3o de Art, John, fundou a publica\u00e7\u00e3o em 1990 e se encarrega de equilibrar as contas. Sua mulher, Dolores, \u00e9 rep\u00f3rter e fot\u00f3grafa e seu filho, Tom, \u00e9 o jornalista que realizou a grande investiga\u00e7\u00e3o que lhes valeu um pr\u00eamio hist\u00f3rico.<\/p>\n<p>\u201c\u00c9 a melhor maneira de demonstrar o esfor\u00e7o que este jornal fez durante tantos anos para denunciar a m\u00e1 qualidade da \u00e1gua nesta regi\u00e3o e as consequ\u00eancias da agricultura\u201d, afirma. Cullen vem cobrindo o fen\u00f4meno da contamina\u00e7\u00e3o da \u00e1gua durante os \u00faltimos 25 anos, mas h\u00e1 dois anos as reportagens de The Storm Lake ganharam uma dimens\u00e3o ainda maior.<\/p>\n<p>Este jornalista, que se declara \u201c100% irland\u00eas\u201d, diz que se interessou pela profiss\u00e3o gra\u00e7as \u00e0s \u201cdivertidas\u201d cartas que recebia de um de seus tios. Sua m\u00e3e ensinava literatura e seu pai cobria os esportes na universidade. Quando ele e o irm\u00e3o cresceram, fundar um jornal era o caminho mais natural a seguir. Passados 27 anos conquistaram um Pulitzer gra\u00e7as a uma s\u00e9rie de editoriais que desafiaram as grandes empresas agr\u00edcolas do pa\u00eds \u2013Cargill e Monsanto, al\u00e9m do financiamento dos poderosos irm\u00e3os Koch\u2014 por bancarem a defesa dos acusados em uma demanda judicial por contamina\u00e7\u00e3o do meio ambiente.<\/p>\n<p>Quando Cullen soube que se desconhecia quem estava doando recursos para defender os respons\u00e1veis por contaminar o principal rio da regi\u00e3o, o jornal iniciou uma investiga\u00e7\u00e3o at\u00e9 desvendar quem desembolsava o dinheiro. O j\u00fari do Pulitzer reconheceu na segunda-feira da semana passada seu \u201cjornalismo incans\u00e1vel, seu impressionante conhecimento e sua escrita\u201d.<\/p>\n<p>\u201cOs editoriais refletem a responsabilidade do que est\u00e1vamos fazendo e a tenacidade com que trabalhamos\u201d, explica Cullen, falando da reda\u00e7\u00e3o do jornal. A publica\u00e7\u00e3o, que sai duas vezes por semana, investigou o caso durante os dois \u00faltimos anos e, depois de conseguir que viessem \u00e0 tona os nomes dessas empresas, promete continuar na cobertura do assunto \u201cat\u00e9 que encontremos a maneira de fazer a agricultura de modo sustent\u00e1vel nesta regi\u00e3o\u201d.<\/p>\n<p>O trabalho que levou um Pulitzer para uma localidade com apenas 11.000 habitantes no noroeste de Iowa continua em andamento. Cullen ri ao pensar que o pr\u00f3ximo exemplar do jornal \u201ctalvez n\u00e3o seja t\u00e3o bom\u201d, depois de dois dias de festejos. \u201cMas isso \u00e9 a \u00fanica coisa que sempre pensamos: em dar o melhor de n\u00f3s para o jornal que faremos no dia seguinte\u201d.<\/p>\n","protected":false},"excerpt":{"rendered":"<p>Um peri\u00f3dico familiar do Estado de Iowa derrota &#8216;The Washington Post&#8217; gra\u00e7as a uma s\u00e9rie que denunciou uma campanha contra a prote\u00e7\u00e3o do meio ambiente<\/p>\n","protected":false},"author":1,"featured_media":0,"comment_status":"closed","ping_status":"open","sticky":false,"template":"","format":"standard","meta":{"_exactmetrics_skip_tracking":false,"_exactmetrics_sitenote_active":false,"_exactmetrics_sitenote_note":"","_exactmetrics_sitenote_category":0,"jetpack_post_was_ever_published":false,"_jetpack_newsletter_access":"","_jetpack_dont_email_post_to_subs":false,"_jetpack_newsletter_tier_id":0,"_jetpack_memberships_contains_paywalled_content":false,"_jetpack_memberships_contains_paid_content":false,"footnotes":"","jetpack_publicize_message":"","jetpack_publicize_feature_enabled":true,"jetpack_social_post_already_shared":true,"jetpack_social_options":{"image_generator_settings":{"template":"highway","enabled":false},"version":2}},"categories":[1],"tags":[],"class_list":["post-9996","post","type-post","status-publish","format-standard","hentry","category-notas"],"jetpack_publicize_connections":[],"jetpack_sharing_enabled":true,"jetpack_featured_media_url":"","jetpack_shortlink":"https:\/\/wp.me\/p7wKYW-2Be","jetpack-related-posts":[],"_links":{"self":[{"href":"http:\/\/blogdalucianaoliveira.com.br\/blog\/wp-json\/wp\/v2\/posts\/9996","targetHints":{"allow":["GET"]}}],"collection":[{"href":"http:\/\/blogdalucianaoliveira.com.br\/blog\/wp-json\/wp\/v2\/posts"}],"about":[{"href":"http:\/\/blogdalucianaoliveira.com.br\/blog\/wp-json\/wp\/v2\/types\/post"}],"author":[{"embeddable":true,"href":"http:\/\/blogdalucianaoliveira.com.br\/blog\/wp-json\/wp\/v2\/users\/1"}],"replies":[{"embeddable":true,"href":"http:\/\/blogdalucianaoliveira.com.br\/blog\/wp-json\/wp\/v2\/comments?post=9996"}],"version-history":[{"count":1,"href":"http:\/\/blogdalucianaoliveira.com.br\/blog\/wp-json\/wp\/v2\/posts\/9996\/revisions"}],"predecessor-version":[{"id":9998,"href":"http:\/\/blogdalucianaoliveira.com.br\/blog\/wp-json\/wp\/v2\/posts\/9996\/revisions\/9998"}],"wp:attachment":[{"href":"http:\/\/blogdalucianaoliveira.com.br\/blog\/wp-json\/wp\/v2\/media?parent=9996"}],"wp:term":[{"taxonomy":"category","embeddable":true,"href":"http:\/\/blogdalucianaoliveira.com.br\/blog\/wp-json\/wp\/v2\/categories?post=9996"},{"taxonomy":"post_tag","embeddable":true,"href":"http:\/\/blogdalucianaoliveira.com.br\/blog\/wp-json\/wp\/v2\/tags?post=9996"}],"curies":[{"name":"wp","href":"https:\/\/api.w.org\/{rel}","templated":true}]}}