{"id":9999,"date":"2017-04-18T11:04:40","date_gmt":"2017-04-18T15:04:40","guid":{"rendered":"http:\/\/blogdalucianaoliveira.com.br\/blog\/?p=9999"},"modified":"2017-04-18T11:04:40","modified_gmt":"2017-04-18T15:04:40","slug":"me-sinto-estranha-mas-devo-compartilhar-pelo-ate-reinaldo-azevedo","status":"publish","type":"post","link":"http:\/\/blogdalucianaoliveira.com.br\/blog\/2017\/04\/18\/me-sinto-estranha-mas-devo-compartilhar-pelo-ate-reinaldo-azevedo\/","title":{"rendered":"Me sinto estranha, mas devo compartilhar pelo At\u00e9 Reinaldo Azevedo"},"content":{"rendered":"<p><img data-recalc-dims=\"1\" loading=\"lazy\" decoding=\"async\" data-attachment-id=\"10000\" data-permalink=\"http:\/\/blogdalucianaoliveira.com.br\/blog\/2017\/04\/18\/me-sinto-estranha-mas-devo-compartilhar-pelo-ate-reinaldo-azevedo\/reinaldo-azevedo-apeoesp\/\" data-orig-file=\"https:\/\/i0.wp.com\/blogdalucianaoliveira.com.br\/blog\/wp-content\/uploads\/2017\/04\/reinaldo-azevedo-apeoesp.jpg?fit=1000%2C357\" data-orig-size=\"1000,357\" data-comments-opened=\"0\" data-image-meta=\"{&quot;aperture&quot;:&quot;0&quot;,&quot;credit&quot;:&quot;&quot;,&quot;camera&quot;:&quot;&quot;,&quot;caption&quot;:&quot;&quot;,&quot;created_timestamp&quot;:&quot;0&quot;,&quot;copyright&quot;:&quot;&quot;,&quot;focal_length&quot;:&quot;0&quot;,&quot;iso&quot;:&quot;0&quot;,&quot;shutter_speed&quot;:&quot;0&quot;,&quot;title&quot;:&quot;&quot;,&quot;orientation&quot;:&quot;0&quot;}\" data-image-title=\"reinaldo-azevedo-apeoesp\" data-image-description=\"\" data-image-caption=\"\" data-medium-file=\"https:\/\/i0.wp.com\/blogdalucianaoliveira.com.br\/blog\/wp-content\/uploads\/2017\/04\/reinaldo-azevedo-apeoesp.jpg?fit=300%2C107\" data-large-file=\"https:\/\/i0.wp.com\/blogdalucianaoliveira.com.br\/blog\/wp-content\/uploads\/2017\/04\/reinaldo-azevedo-apeoesp.jpg?fit=600%2C214\" src=\"https:\/\/i0.wp.com\/blogdalucianaoliveira.com.br\/blog\/wp-content\/uploads\/2017\/04\/reinaldo-azevedo-apeoesp.jpg?resize=600%2C214\" alt=\"reinaldo-azevedo-apeoesp\" width=\"600\" height=\"214\" class=\"alignnone size-full wp-image-10000\" srcset=\"https:\/\/i0.wp.com\/blogdalucianaoliveira.com.br\/blog\/wp-content\/uploads\/2017\/04\/reinaldo-azevedo-apeoesp.jpg?w=1000 1000w, https:\/\/i0.wp.com\/blogdalucianaoliveira.com.br\/blog\/wp-content\/uploads\/2017\/04\/reinaldo-azevedo-apeoesp.jpg?resize=300%2C107 300w, https:\/\/i0.wp.com\/blogdalucianaoliveira.com.br\/blog\/wp-content\/uploads\/2017\/04\/reinaldo-azevedo-apeoesp.jpg?resize=768%2C274 768w, https:\/\/i0.wp.com\/blogdalucianaoliveira.com.br\/blog\/wp-content\/uploads\/2017\/04\/reinaldo-azevedo-apeoesp.jpg?resize=800%2C286 800w\" sizes=\"auto, (max-width: 600px) 100vw, 600px\" \/><\/p>\n<p>Que zurre a direita xucra: exig\u00eancia que Moro faz a Lula \u00e9 ilegal<!--more--><\/p>\n<p>Reinaldo Azevedo<br \/>\nNa Veja<\/p>\n<p>O Brasil, infelizmente, na m\u00e9dia, est\u00e1 ficando mais burro. E, bem\u2026, n\u00e3o nasci para puxar a carro\u00e7a da estupidez. Uma not\u00edcia est\u00e1 sendo aplaudida pela direita xucra e execrada pela esquerda tamb\u00e9m xucra: Sergio Moro autorizou que a defesa do ex-presidente Lula ou\u00e7a 87 testemunhas num processo em que o petista \u00e9 acusado de corrup\u00e7\u00e3o passiva e lavagem de dinheiro. S\u00f3 que fez uma exig\u00eancia: o chef\u00e3o petista ter\u00e1 de estar presente a todos os depoimentos.<\/p>\n<p>Sabem o que \u00e9 mais, como posso chamar?, espantoso? O juiz n\u00e3o esconde que se trata, sim, de uma esp\u00e9cie de pena informal imposta a Lula. Escreve:<\/p>\n<p> \u201cJ\u00e1 que este julgador ter\u00e1 que ouvir oitenta e sete testemunhas da Defesa de Luiz In\u00e1cio Lula da Silva, al\u00e9m de dezenas de outras, embora em menor n\u00famero arroladas pelos demais acusados, fica consignado que ser\u00e1 exigida a presen\u00e7a do acusado Luiz In\u00e1cio Lula da Silva nas audi\u00eancias nas quais ser\u00e3o ouvidas as testemunhas arroladas por sua pr\u00f3pria Defesa, a fim prevenir a insist\u00eancia na oitiva de testemunhas irrelevantes, impertinentes ou que poderiam ser substitu\u00eddas, sem preju\u00edzo, por provas emprestadas [de outros processos]\u201d.<\/p>\n<p>A direita buc\u00e9fala delira! \u201cD\u00e1-lhe, Moro, juiz sem igual,\u201d<\/p>\n<p>A esquerda abestada v\u00ea na decis\u00e3o o golpe continuado.<\/p>\n<p>Outro dia um tonto me chamou de \u201cisent\u00e3o\u201d porque, afinal, n\u00e3o integro, definitivamente, o direitismo que relincha nem o esquerdismo que escoiceia. Direita liberal \u00e9 outra coisa. E seu princ\u00edpio primeiro, numa democracia, tem de ser a defesa do estado de direito. \u201cIsent\u00f5es\u201d n\u00e3o querem comprar briga com ningu\u00e9m. Se preciso, compro com todos.<\/p>\n<p>Arbitrariedade<br \/>\nN\u00e3o h\u00e1 um s\u00f3 advogado que ignore que Sergio Moro est\u00e1 cometendo uma arbitrariedade. Entendo que se trata de exerc\u00edcio de obstru\u00e7\u00e3o do direito de defesa.<\/p>\n<p>Se o magistrado acha que h\u00e1 testemunhas demais e se, entre estas, h\u00e1 pessoas irrelevantes para o processo, ele que as recuse, ent\u00e3o, desde que respeite o n\u00famero a que tem direito o r\u00e9u: oito. Vale dizer: at\u00e9 esse n\u00famero, n\u00e3o pode interferir. Mas n\u00e3o! Moro decidiu falar para Lula: \u201cAh, \u00e9? Oitenta e sete testemunhas? Ent\u00e3o voc\u00ea vai ver o que \u00e9 bom pra tosse! Vou ter de ouvir toda aquela gente, mas voc\u00ea tamb\u00e9m. Vai provar do seu pr\u00f3prio rem\u00e9dio\u201d.<\/p>\n<p>Bem, \u00e9 desnecess\u00e1rio eu dizer que um juiz julga, n\u00e3o pratica vingan\u00e7a.<\/p>\n<p>Defesa de Lula<br \/>\nCristiano Zanin Martins, um dos advogados de Lula, emitiu a seguinte nota:<\/p>\n<p>A decis\u00e3o proferida hoje (17\/04) pela 13\u00aa. Vara Federal Criminal de Curitiba nos autos da A\u00e7\u00e3o Penal n\u00ba 5063130-17.2016.4.04.7000\/PR exigindo a presen\u00e7a de Lula em audi\u00eancias para ouvir testemunhas de defesa configura mais uma arbitrariedade contra o ex-Presidente, pois subverte o devido processo legal, transformando o direito do acusado (de defesa) em obriga\u00e7\u00e3o. Presente o advogado, respons\u00e1vel pela defesa t\u00e9cnica, a presen\u00e7a do acusado nas audi\u00eancias para a oitiva de testemunhas deve ser uma faculdade e n\u00e3o uma obriga\u00e7\u00e3o.<\/p>\n<p>O juiz S\u00e9rgio Moro pretende, claramente, desqualificar a defesa e manter Lula em cidade diversa da qual ele reside para atrapalhar suas atividades pol\u00edticas, deixando ainda mais evidente o \u201clawfare\u201d.<\/p>\n<p>A decis\u00e3o tamb\u00e9m mostra que Moro adota o direito penal do inimigo em rela\u00e7\u00e3o a Lula e age como \u201cjuiz que n\u00e3o quer perder o jogo\u201d, como foi exposto pelo renomado jurista italiano Luigi Ferrajoli em an\u00e1lise p\u00fablica realizada no \u00faltimo dia 11\/04 no Parlamento de Roma (ww.averdadedelula.com.br).<\/p>\n<p>Essa decis\u00e3o foi proferida na a\u00e7\u00e3o penal em que Lula \u00e9 -indevidamente- acusado de ter recebido um terreno para a instala\u00e7\u00e3o do Instituto Lula e um apartamento, vizinho ao que reside. No entanto, as dela\u00e7\u00f5es dos executivos da Odebrecht mostraram que o ex-Presidente n\u00e3o recebeu tais im\u00f3veis, o que deveria justificar a extin\u00e7\u00e3o da a\u00e7\u00e3o por meio de sua absolvi\u00e7\u00e3o sum\u00e1ria.<\/p>\n<p>Democracia e regras<br \/>\nAh, sei que vai come\u00e7ar aquela gritaria hidr\u00f3foba! \u201cOlhe o Reinaldo a defender Lula\u2026\u201d \u00c9, vai ver ele me comprou, andou me pagando jantares, me convidou pra dan\u00e7ar\u2026 Sabem o que \u00e9? Quando o PT era o partido mais poderoso do Ocidente, literalmente, decidi combat\u00ea-lo. Agora que est\u00e1 na lona, resolvi aderir. \u00c9 que sou idiota, e todos os que n\u00e3o gostam de mim s\u00e3o inteligentes, certo? Como sabemos, o que apareceu de direitista valent\u00e3o depois que o PT caiu em desgra\u00e7a \u00e9 uma enormidade! At\u00e9 o Paulo Henrique Amorim chuta o Lula\u2026<\/p>\n<p>A lei tem de valer para todo mundo. Tamb\u00e9m para\u2026 Lula.<\/p>\n<p>O C\u00f3digo de Processo Penal, que \u00e9 do Estado Novo, obriga o r\u00e9u a comparecer a todos os atos do processo, mas isso n\u00e3o foi recepcionado pela Constitui\u00e7\u00e3o de 1988. Tanto \u00e9 assim que \u00e9 comun\u00edssimo pedir-se dispensa da presen\u00e7a do acusado, e isso \u00e9 deferido, inclusive para audi\u00eancias em que ser\u00e3o ouvidas testemunhas de acusa\u00e7\u00e3o, quando, em tese, poderia haver a necessidade de reconhecimento, dependendo dos fatos imputados pela den\u00fancia.<\/p>\n<p>Em se tratando de testemunhas arroladas pela defesa, n\u00e3o faz o menor sentido obrigar o comparecimento do r\u00e9u. E a lei que alterou o CPP neste ponto prev\u00ea que o r\u00e9u residente fora da comarca em que se d\u00e1 o processo pode ser interrogado por carta precat\u00f3ria, tendo havido posteriormente a ado\u00e7\u00e3o da videoconfer\u00eancia para a realiza\u00e7\u00e3o de audi\u00eancias em que devam ser ouvidas testemunhas de fora da terra, e tamb\u00e9m interrogados r\u00e9us na mesma situa\u00e7\u00e3o.<\/p>\n<p>Encerro<br \/>\nMoro est\u00e1 fazendo uma exig\u00eancia descabida. E, o que \u00e9 mais impressionante, ele pr\u00f3prio o admite. Queria saber a quem serve transformar Lula numa v\u00edtima de atos judiciais de exce\u00e7\u00e3o. Quem ganha com isso?<\/p>\n<p>Tendo a achar que \u00e9 o pr\u00f3prio\u2026 Lula!<\/p>\n","protected":false},"excerpt":{"rendered":"<p>Que zurre a direita xucra: exig\u00eancia que Moro faz a Lula \u00e9 ilegal<\/p>\n","protected":false},"author":1,"featured_media":0,"comment_status":"closed","ping_status":"open","sticky":false,"template":"","format":"standard","meta":{"_exactmetrics_skip_tracking":false,"_exactmetrics_sitenote_active":false,"_exactmetrics_sitenote_note":"","_exactmetrics_sitenote_category":0,"jetpack_post_was_ever_published":false,"_jetpack_newsletter_access":"","_jetpack_dont_email_post_to_subs":false,"_jetpack_newsletter_tier_id":0,"_jetpack_memberships_contains_paywalled_content":false,"_jetpack_memberships_contains_paid_content":false,"footnotes":"","jetpack_publicize_message":"","jetpack_publicize_feature_enabled":true,"jetpack_social_post_already_shared":true,"jetpack_social_options":{"image_generator_settings":{"template":"highway","enabled":false},"version":2}},"categories":[1],"tags":[],"class_list":["post-9999","post","type-post","status-publish","format-standard","hentry","category-notas"],"jetpack_publicize_connections":[],"jetpack_sharing_enabled":true,"jetpack_featured_media_url":"","jetpack_shortlink":"https:\/\/wp.me\/p7wKYW-2Bh","jetpack-related-posts":[],"_links":{"self":[{"href":"http:\/\/blogdalucianaoliveira.com.br\/blog\/wp-json\/wp\/v2\/posts\/9999","targetHints":{"allow":["GET"]}}],"collection":[{"href":"http:\/\/blogdalucianaoliveira.com.br\/blog\/wp-json\/wp\/v2\/posts"}],"about":[{"href":"http:\/\/blogdalucianaoliveira.com.br\/blog\/wp-json\/wp\/v2\/types\/post"}],"author":[{"embeddable":true,"href":"http:\/\/blogdalucianaoliveira.com.br\/blog\/wp-json\/wp\/v2\/users\/1"}],"replies":[{"embeddable":true,"href":"http:\/\/blogdalucianaoliveira.com.br\/blog\/wp-json\/wp\/v2\/comments?post=9999"}],"version-history":[{"count":1,"href":"http:\/\/blogdalucianaoliveira.com.br\/blog\/wp-json\/wp\/v2\/posts\/9999\/revisions"}],"predecessor-version":[{"id":10001,"href":"http:\/\/blogdalucianaoliveira.com.br\/blog\/wp-json\/wp\/v2\/posts\/9999\/revisions\/10001"}],"wp:attachment":[{"href":"http:\/\/blogdalucianaoliveira.com.br\/blog\/wp-json\/wp\/v2\/media?parent=9999"}],"wp:term":[{"taxonomy":"category","embeddable":true,"href":"http:\/\/blogdalucianaoliveira.com.br\/blog\/wp-json\/wp\/v2\/categories?post=9999"},{"taxonomy":"post_tag","embeddable":true,"href":"http:\/\/blogdalucianaoliveira.com.br\/blog\/wp-json\/wp\/v2\/tags?post=9999"}],"curies":[{"name":"wp","href":"https:\/\/api.w.org\/{rel}","templated":true}]}}